{"id":6842,"date":"2025-03-27T10:12:03","date_gmt":"2025-03-27T13:12:03","guid":{"rendered":"http:\/\/eqtprev.com.br\/?p=6842"},"modified":"2025-04-01T10:11:56","modified_gmt":"2025-04-01T13:11:56","slug":"alteracao-do-percentual-de-contribuicao-mensal","status":"publish","type":"post","link":"https:\/\/eqtprev.com.br\/index.php\/2025\/03\/27\/alteracao-do-percentual-de-contribuicao-mensal\/","title":{"rendered":"Altera\u00e7\u00e3o do Percentual da Contribui\u00e7\u00e3o Mensal"},"content":{"rendered":"\n<figure class=\"wp-block-image size-full\"><img fetchpriority=\"high\" decoding=\"async\" width=\"1024\" height=\"284\" src=\"https:\/\/eqtprev.com.br\/wp-content\/uploads\/2025\/03\/V1-alteracao-de-percentual-site-1024x284-1.png\" alt=\"\" class=\"wp-image-6843\" srcset=\"https:\/\/eqtprev.com.br\/wp-content\/uploads\/2025\/03\/V1-alteracao-de-percentual-site-1024x284-1.png 1024w, https:\/\/eqtprev.com.br\/wp-content\/uploads\/2025\/03\/V1-alteracao-de-percentual-site-1024x284-1-300x83.png 300w, https:\/\/eqtprev.com.br\/wp-content\/uploads\/2025\/03\/V1-alteracao-de-percentual-site-1024x284-1-768x213.png 768w\" sizes=\"(max-width: 1024px) 100vw, 1024px\" \/><\/figure>\n\n\n\n<p><\/p>\n\n\n\n<p class=\"has-medium-font-size\"><strong>De 1\u00ba a 30 de abril<\/strong>, voc\u00ea ter\u00e1 a oportunidade de alterar o percentual da sua contribui\u00e7\u00e3o para o seu plano de previd\u00eancia. Essa \u00e9 uma chance valiosa para planejar melhor o seu futuro financeiro e potencializar seus investimentos.<\/p>\n\n\n\n<p class=\"has-white-background-color has-background\"><\/p>\n\n\n\n<h3 class=\"wp-block-heading has-text-color has-link-color has-medium-font-size wp-elements-49324545ec875973c59ff2c1907ee341\" style=\"color:#114e71\"><strong>Por que ajustar sua contribui\u00e7\u00e3o?<\/strong><\/h3>\n\n\n\n<p class=\"has-medium-font-size\">\ud83d\udd39 <strong>Paridade Contributiva<\/strong> \u2013 Quanto mais voc\u00ea contribuir, mais a Equatorial tamb\u00e9m contribuir\u00e1 para o seu plano. Ou seja, ao optar por 100%, sua reserva crescer\u00e1 no mesmo ritmo, garantindo um saldo ainda maior no futuro.<\/p>\n\n\n\n<p class=\"has-medium-font-size\">\ud83d\udd39 <strong>Benef\u00edcio Fiscal<\/strong> \u2013 Voc\u00ea pode contribuir at\u00e9 12% do seu rendimento bruto anual e reduzir o valor do Imposto de Renda na declara\u00e7\u00e3o completa.<\/p>\n\n\n\n<p class=\"has-white-background-color has-background\"><\/p>\n\n\n\n<h3 class=\"wp-block-heading has-text-color has-link-color has-medium-font-size wp-elements-4ec820aac6361347a0e936ff1195b5dd\" style=\"color:#114e71\"><strong>Per\u00edodo de Altera\u00e7\u00e3o<\/strong><\/h3>\n\n\n\n<p class=\"has-medium-font-size\">De 1\u00ba a 30 de abril de 2025, voc\u00ea pode modificar o percentual da sua contribui\u00e7\u00e3o. Essa altera\u00e7\u00e3o ter\u00e1 efeito a partir de maio de 2025.<\/p>\n\n\n\n<p class=\"has-white-background-color has-background\"><\/p>\n\n\n\n<h3 class=\"wp-block-heading has-text-color has-link-color has-medium-font-size wp-elements-1cff0db2b50de9c2efe482e655018c77\" style=\"color:#114e71\"><strong>Quem pode alterar?<\/strong><\/h3>\n\n\n\n<p class=\"has-medium-font-size\">\ud83d\udd39 Participantes ativos dos planos <strong>Equatorial CD<\/strong> e <strong>Celpa OP<\/strong>.<\/p>\n\n\n\n<p class=\"has-white-background-color has-background\"><\/p>\n\n\n\n<h3 class=\"wp-block-heading has-text-color has-link-color has-medium-font-size wp-elements-c8f9b1b714ffe84345f5154adbe0fb07\" style=\"color:#114e71\"><strong>Como funciona a contribui\u00e7\u00e3o?<\/strong><\/h3>\n\n\n\n<p class=\"has-medium-font-size\">\u2705 <strong>Plano Equatorial CD<\/strong> \u2013 Voc\u00ea pode escolher um percentual entre <strong>50% e 100%<\/strong> da contribui\u00e7\u00e3o normal prevista no regulamento do plano.<\/p>\n\n\n\n<p class=\"has-medium-font-size\">\u2705 <strong>Plano Celpa OP<\/strong> \u2013 Voc\u00ea pode escolher um percentual entre <strong>2% e 20%<\/strong> da contribui\u00e7\u00e3o normal prevista no regulamento do plano.<\/p>\n\n\n\n<p class=\"has-medium-font-size\"><strong>Lembre-se: <em>Quanto maior a sua contribui\u00e7\u00e3o, maior ser\u00e1 a contrapartida da Equatorial, acelerando o crescimento do seu saldo previdenci\u00e1rio.<\/em><\/strong><\/p>\n\n\n\n<p class=\"has-white-background-color has-background\"><\/p>\n\n\n\n<h4 class=\"wp-block-heading has-text-color has-link-color has-medium-font-size wp-elements-f5ebcaa570e222f5c787d37059394ca1\" style=\"color:#114e71\"><strong>Como Fazer a Altera\u00e7\u00e3o?<\/strong><\/h4>\n\n\n\n<p class=\"has-medium-font-size\">\u00c9 simples! Siga o passo a passo:<\/p>\n\n\n\n<ol class=\"wp-block-list\">\n<li class=\"has-medium-font-size\">Baixe o formul\u00e1rio correspondente ao seu plano de benef\u00edcios (Equatorial CD ou Celpa OP).<\/li>\n\n\n\n<li class=\"has-medium-font-size\">Preencha com seus dados.<\/li>\n\n\n\n<li class=\"has-medium-font-size\">Assine e digitalize o documento.<\/li>\n\n\n\n<li class=\"has-medium-font-size\">Envie at\u00e9 <strong>30 de abril de 2025<\/strong> para:&nbsp;<strong><a>eqtprev@eqtprev.com.br<\/a><\/strong>.<\/li>\n<\/ol>\n\n\n\n<p class=\"has-white-background-color has-background\"><\/p>\n\n\n\n<p class=\"has-medium-font-size\">&#8211; <strong>Se voc\u00ea \u00e9 participante ativo ou autopatrocinado do Plano Equatorial CD,\u00a0clique\u00a0para baixar o formul\u00e1rio:\u00a0<a href=\"https:\/\/eqtprev.com.br\/wp-content\/uploads\/2025\/04\/Formulario_Alteracao_Percentual_Contribuicao_EQT_CD_04.2025.pdf\">baixar.<\/a><\/strong><\/p>\n\n\n\n<p class=\"has-medium-font-size\">&#8211; <strong>Se voc\u00ea \u00e9 participante do Plano Celpa OP,\u00a0clique\u00a0para baixar o formul\u00e1rio:\u00a0<a href=\"https:\/\/eqtprev.com.br\/wp-content\/uploads\/2025\/04\/Formulario_Alteracao_Percentual_ativo_Contribuicao_Celpa_OP_04.2025.pdf\">baixar.<\/a><\/strong><\/p>\n\n\n\n<p class=\"has-white-background-color has-background\"><\/p>\n\n\n\n<h4 class=\"wp-block-heading has-text-color has-link-color has-medium-font-size wp-elements-c9ae6d9f07c47154a1a49abb9a4c1e9f\" style=\"color:#114e71\"><strong>Tem D\u00favidas?<\/strong><\/h4>\n\n\n\n<p class=\"has-medium-font-size\">Estamos \u00e0 disposi\u00e7\u00e3o para te ajudar! Entre em contato atrav\u00e9s do <a href=\"mailto:eqtprev@eqtprev.com.br\">eqtprev@eqtprev.com.br<\/a> ou pelo Telefone\/WhatsApp:&nbsp;<strong>(98) 3217-2318<\/strong>.<\/p>\n\n\n\n<div class=\"wp-block-buttons is-layout-flex wp-block-buttons-is-layout-flex\">\n<div class=\"wp-block-button has-custom-width wp-block-button__width-75 has-custom-font-size has-medium-font-size\"><a class=\"wp-block-button__link has-vivid-green-cyan-background-color has-background wp-element-button\" href=\"https:\/\/wa.me\/559832172318\" target=\"_blank\" rel=\"noreferrer noopener\"><strong>Whatsapp de Atendimento<\/strong><\/a><\/div>\n<\/div>\n\n\n\n<p class=\"has-white-background-color has-background\"><\/p>\n\n\n\n<p class=\"has-white-background-color has-background\"><\/p>\n\n\n\n<p><\/p>\n","protected":false},"excerpt":{"rendered":"<p>De 1\u00ba a 30 de abril, voc\u00ea ter\u00e1 a oportunidade de alterar o percentual da sua contribui\u00e7\u00e3o para o seu plano de previd\u00eancia. Essa \u00e9 uma chance valiosa para planejar melhor o seu futuro financeiro e potencializar seus investimentos. Por que ajustar sua contribui\u00e7\u00e3o? \ud83d\udd39 Paridade Contributiva \u2013 Quanto mais voc\u00ea contribuir, mais a Equatorial [&hellip;]<\/p>\n","protected":false},"author":9,"featured_media":0,"comment_status":"closed","ping_status":"open","sticky":false,"template":"","format":"standard","meta":{"inline_featured_image":false,"footnotes":""},"categories":[1],"tags":[],"class_list":["post-6842","post","type-post","status-publish","format-standard","hentry","category-uncategorized"],"_links":{"self":[{"href":"https:\/\/eqtprev.com.br\/index.php\/wp-json\/wp\/v2\/posts\/6842","targetHints":{"allow":["GET"]}}],"collection":[{"href":"https:\/\/eqtprev.com.br\/index.php\/wp-json\/wp\/v2\/posts"}],"about":[{"href":"https:\/\/eqtprev.com.br\/index.php\/wp-json\/wp\/v2\/types\/post"}],"author":[{"embeddable":true,"href":"https:\/\/eqtprev.com.br\/index.php\/wp-json\/wp\/v2\/users\/9"}],"replies":[{"embeddable":true,"href":"https:\/\/eqtprev.com.br\/index.php\/wp-json\/wp\/v2\/comments?post=6842"}],"version-history":[{"count":13,"href":"https:\/\/eqtprev.com.br\/index.php\/wp-json\/wp\/v2\/posts\/6842\/revisions"}],"predecessor-version":[{"id":6929,"href":"https:\/\/eqtprev.com.br\/index.php\/wp-json\/wp\/v2\/posts\/6842\/revisions\/6929"}],"wp:attachment":[{"href":"https:\/\/eqtprev.com.br\/index.php\/wp-json\/wp\/v2\/media?parent=6842"}],"wp:term":[{"taxonomy":"category","embeddable":true,"href":"https:\/\/eqtprev.com.br\/index.php\/wp-json\/wp\/v2\/categories?post=6842"},{"taxonomy":"post_tag","embeddable":true,"href":"https:\/\/eqtprev.com.br\/index.php\/wp-json\/wp\/v2\/tags?post=6842"}],"curies":[{"name":"wp","href":"https:\/\/api.w.org\/{rel}","templated":true}]}}