{"id":2839,"date":"2024-05-16T22:02:36","date_gmt":"2024-05-16T22:02:36","guid":{"rendered":"http:\/\/10.6.4.46\/?post_type=blogs&#038;p=2839"},"modified":"2024-05-16T22:02:36","modified_gmt":"2024-05-16T22:02:36","slug":"feriado-emancipacao-politica-de-alagoas","status":"publish","type":"blogs","link":"https:\/\/eqtprev.com.br\/index.php\/blogs\/feriado-emancipacao-politica-de-alagoas\/","title":{"rendered":"FERIADO \u2013 EMANCIPA\u00c7\u00c3O POL\u00cdTICA DE ALAGOAS"},"featured_media":0,"parent":0,"template":"","categoria-noticias":[],"class_list":["post-2839","blogs","type-blogs","status-publish","hentry"],"_links":{"self":[{"href":"https:\/\/eqtprev.com.br\/index.php\/wp-json\/wp\/v2\/blogs\/2839","targetHints":{"allow":["GET"]}}],"collection":[{"href":"https:\/\/eqtprev.com.br\/index.php\/wp-json\/wp\/v2\/blogs"}],"about":[{"href":"https:\/\/eqtprev.com.br\/index.php\/wp-json\/wp\/v2\/types\/blogs"}],"wp:attachment":[{"href":"https:\/\/eqtprev.com.br\/index.php\/wp-json\/wp\/v2\/media?parent=2839"}],"wp:term":[{"taxonomy":"categoria-noticias","embeddable":true,"href":"https:\/\/eqtprev.com.br\/index.php\/wp-json\/wp\/v2\/categoria-noticias?post=2839"}],"curies":[{"name":"wp","href":"https:\/\/api.w.org\/{rel}","templated":true}]}}