{"id":2697,"date":"2024-05-16T17:31:15","date_gmt":"2024-05-16T17:31:15","guid":{"rendered":"http:\/\/10.6.4.46\/?post_type=blogs&#038;p=2697"},"modified":"2024-05-16T17:31:15","modified_gmt":"2024-05-16T17:31:15","slug":"proposta-da-prorrogacao-da-migracao","status":"publish","type":"blogs","link":"https:\/\/eqtprev.com.br\/index.php\/blogs\/proposta-da-prorrogacao-da-migracao\/","title":{"rendered":"PROPOSTA DA PRORROGA\u00c7\u00c3O DA MIGRA\u00c7\u00c3O"},"featured_media":0,"parent":0,"template":"","categoria-noticias":[],"class_list":["post-2697","blogs","type-blogs","status-publish","hentry"],"_links":{"self":[{"href":"https:\/\/eqtprev.com.br\/index.php\/wp-json\/wp\/v2\/blogs\/2697","targetHints":{"allow":["GET"]}}],"collection":[{"href":"https:\/\/eqtprev.com.br\/index.php\/wp-json\/wp\/v2\/blogs"}],"about":[{"href":"https:\/\/eqtprev.com.br\/index.php\/wp-json\/wp\/v2\/types\/blogs"}],"wp:attachment":[{"href":"https:\/\/eqtprev.com.br\/index.php\/wp-json\/wp\/v2\/media?parent=2697"}],"wp:term":[{"taxonomy":"categoria-noticias","embeddable":true,"href":"https:\/\/eqtprev.com.br\/index.php\/wp-json\/wp\/v2\/categoria-noticias?post=2697"}],"curies":[{"name":"wp","href":"https:\/\/api.w.org\/{rel}","templated":true}]}}