{"id":2582,"date":"2024-05-15T18:27:44","date_gmt":"2024-05-15T18:27:44","guid":{"rendered":"http:\/\/10.6.4.46\/?post_type=blogs&#038;p=2582"},"modified":"2024-05-15T18:27:44","modified_gmt":"2024-05-15T18:27:44","slug":"webminar-hoje-reforca-semana-da-educacao","status":"publish","type":"blogs","link":"https:\/\/eqtprev.com.br\/index.php\/blogs\/webminar-hoje-reforca-semana-da-educacao\/","title":{"rendered":"Webminar hoje refor\u00e7a Semana da Educa\u00e7\u00e3o"},"featured_media":0,"parent":0,"template":"","categoria-noticias":[],"class_list":["post-2582","blogs","type-blogs","status-publish","hentry"],"_links":{"self":[{"href":"https:\/\/eqtprev.com.br\/index.php\/wp-json\/wp\/v2\/blogs\/2582","targetHints":{"allow":["GET"]}}],"collection":[{"href":"https:\/\/eqtprev.com.br\/index.php\/wp-json\/wp\/v2\/blogs"}],"about":[{"href":"https:\/\/eqtprev.com.br\/index.php\/wp-json\/wp\/v2\/types\/blogs"}],"wp:attachment":[{"href":"https:\/\/eqtprev.com.br\/index.php\/wp-json\/wp\/v2\/media?parent=2582"}],"wp:term":[{"taxonomy":"categoria-noticias","embeddable":true,"href":"https:\/\/eqtprev.com.br\/index.php\/wp-json\/wp\/v2\/categoria-noticias?post=2582"}],"curies":[{"name":"wp","href":"https:\/\/api.w.org\/{rel}","templated":true}]}}