{"id":2563,"date":"2024-05-15T18:13:52","date_gmt":"2024-05-15T18:13:52","guid":{"rendered":"http:\/\/10.6.4.46\/?post_type=blogs&#038;p=2563"},"modified":"2024-05-15T18:13:52","modified_gmt":"2024-05-15T18:13:52","slug":"fundacao-tem-novo-administrador-responsavel-pelos-planos-de-beneficios","status":"publish","type":"blogs","link":"https:\/\/eqtprev.com.br\/index.php\/blogs\/fundacao-tem-novo-administrador-responsavel-pelos-planos-de-beneficios\/","title":{"rendered":"Funda\u00e7\u00e3o tem novo Administrador Respons\u00e1vel pelos Planos de Benef\u00edcios"},"featured_media":0,"parent":0,"template":"","categoria-noticias":[],"class_list":["post-2563","blogs","type-blogs","status-publish","hentry"],"_links":{"self":[{"href":"https:\/\/eqtprev.com.br\/index.php\/wp-json\/wp\/v2\/blogs\/2563","targetHints":{"allow":["GET"]}}],"collection":[{"href":"https:\/\/eqtprev.com.br\/index.php\/wp-json\/wp\/v2\/blogs"}],"about":[{"href":"https:\/\/eqtprev.com.br\/index.php\/wp-json\/wp\/v2\/types\/blogs"}],"wp:attachment":[{"href":"https:\/\/eqtprev.com.br\/index.php\/wp-json\/wp\/v2\/media?parent=2563"}],"wp:term":[{"taxonomy":"categoria-noticias","embeddable":true,"href":"https:\/\/eqtprev.com.br\/index.php\/wp-json\/wp\/v2\/categoria-noticias?post=2563"}],"curies":[{"name":"wp","href":"https:\/\/api.w.org\/{rel}","templated":true}]}}